{"id":25015,"date":"2026-09-02T15:07:25","date_gmt":"2026-09-02T13:07:25","guid":{"rendered":"https:\/\/cordeliers.ch\/?p=25015"},"modified":"2026-09-02T15:07:27","modified_gmt":"2026-09-02T13:07:27","slug":"ininterrompu","status":"publish","type":"post","link":"https:\/\/cordeliers.ch\/de\/2026\/09\/02\/ininterrompu\/","title":{"rendered":"Ununterbrochen"},"content":{"rendered":"<div class=\"gb-container gb-container-2dcbae0f\">\n\n<p class=\"wp-block-paragraph\"><\/p>\n\n\n\n<p class=\"wp-block-paragraph\">Streaks und XY-Tag-Challenges sind derzeit stark in Mode. Wie hoch liegt ihr Rekord? \n60 Tage? 100 Tage? - wie w\u00e4r\u2019s mit 206\u2019225 Tagen und steigend?<\/p>\n\n\n\n<p class=\"wp-block-paragraph\">Die Rede ist von Ms 59. Der recht unscheinbare Ledereinband im handlichen Format enth\u00e4lt eine Abschrift des Sentenzenkommentars des franz\u00f6sischen Franziskanerm\u00f6nchs Franciscus de Mayronis (1280-1328). <\/p>\n\n\n<div class=\"wp-block-image\">\n<figure class=\"aligncenter size-large\"><img fetchpriority=\"high\" decoding=\"async\" width=\"1024\" height=\"687\" src=\"https:\/\/cordeliers.ch\/wp-content\/uploads\/2026\/09\/Ms59VorneHinten-1024x687.jpg\" alt=\"\" class=\"wp-image-25017\" srcset=\"https:\/\/cordeliers.ch\/wp-content\/uploads\/2026\/09\/Ms59VorneHinten-1024x687.jpg 1024w, https:\/\/cordeliers.ch\/wp-content\/uploads\/2026\/09\/Ms59VorneHinten-300x201.jpg 300w, https:\/\/cordeliers.ch\/wp-content\/uploads\/2026\/09\/Ms59VorneHinten-768x515.jpg 768w, https:\/\/cordeliers.ch\/wp-content\/uploads\/2026\/09\/Ms59VorneHinten-1536x1030.jpg 1536w, https:\/\/cordeliers.ch\/wp-content\/uploads\/2026\/09\/Ms59VorneHinten-2048x1373.jpg 2048w, https:\/\/cordeliers.ch\/wp-content\/uploads\/2026\/09\/Ms59VorneHinten-18x12.jpg 18w\" sizes=\"(max-width: 1024px) 100vw, 1024px\" \/><figcaption class=\"wp-element-caption\">BCCFribourg, Ms 59, Vorder- und R\u00fcckseite<\/figcaption><\/figure>\n<\/div>\n\n\n<p class=\"wp-block-paragraph\">Doch was macht diesen Band so ausserordentlich?<\/p>\n\n\n\n<p class=\"wp-block-paragraph\">Die 336 Blatt wurden nicht irgendwo von irgendeiner Hand geschrieben, sondern in Freiburg von Jean Joly. Dieser war im Verlauf seiner Karriere mehrfach Guardian des Franziskanderklosters Freiburg und warMitbegr\u00fcnder der Bibliothek des Konvents.\nAusserdem wurde die Handschrift auch nicht irgendwo von irgendwem zu einem Buch gebunden: der Einband stammt aus der klostereigenen Buchbinderei, aus der Hand des Bruders Rolet Stoss. Soweit bereits so bemerkenswert \u2013 aber das wirklich erstaunliche ist, dass das Buch seit seiner Anfertigung das Kloster nie verlassen hat. Buchbest\u00e4nde tendieren dazu, sich im Lauf der Zeit zu verteilen - durch Umz\u00fcge, Verk\u00e4ufe, Klosteraufl\u00f6sungen, Schenkungen, Evakuierung vor kriegerischen Konflikten oder Naturkatastrophen oder im Rahmen von religi\u00f6sen und \/ oder politischen R\u00e4nken.... von all dem blieb Ms 59 verschont.<\/p>\n\n\n\n<p class=\"wp-block-paragraph\">Dabei sprechen wir hier nicht von einem Zufalls-Fall, der vergessen auf einem Dachboden vor sich hinschlummernd \u00fcberdauerte. W\u00e4hrend all dieser Zeit - \u00fcber 550 Jahre - war Ms 59 Teil einer aktiv genutzten Bibliothek. Von einer Generation zur n\u00e4chsten in der Obhut der Gemeinschaft, in einer Stafette \u00fcber die Jahrhunderte \u2013 nie vergessen, nie fallen gelassen. Solche Konstanz sucht ihresgleichen.<\/p>\n\n\n\n<p class=\"wp-block-paragraph\">Obgleich immer umsorgt, hat die Wanderung durch die Zeit ihre Spuren hinterlassen. Manche zeugen von der Beanspruchung der Benutzung, andere von der Geschichte der Bibliothek.  \nDer aufgerissene R\u00fccken mit grossen Fehlstellen an Kopf und Fuss? - Typische Handlingssch\u00e4den. Der Ausbruch an der Oberkante des h\u00f6lzernen Vorderdeckels? \u2013 Hinterlassenschaft der wohl recht unsanften Entfernung einer Kettenklammer und damit Zeugnis der Vergangenheit als Teil einer Kettenbibliothek. Das Anketten der B\u00fccher an Lese- und Aufbewahrungspulte war eine effektive Diebstahlsicherung, die zu jener Zeit auch in anderen Kl\u00f6stern Verwendung fand.<\/p>\n\n\n<div class=\"wp-block-image\">\n<figure class=\"aligncenter size-full\"><img decoding=\"async\" width=\"2560\" height=\"1920\" src=\"https:\/\/cordeliers.ch\/wp-content\/uploads\/2026\/09\/2026-08-06-10.02.53-scaled.jpg\" alt=\"\" class=\"wp-image-25018\" srcset=\"https:\/\/cordeliers.ch\/wp-content\/uploads\/2026\/09\/2026-08-06-10.02.53-scaled.jpg 2560w, https:\/\/cordeliers.ch\/wp-content\/uploads\/2026\/09\/2026-08-06-10.02.53-300x225.jpg 300w, https:\/\/cordeliers.ch\/wp-content\/uploads\/2026\/09\/2026-08-06-10.02.53-768x576.jpg 768w, https:\/\/cordeliers.ch\/wp-content\/uploads\/2026\/09\/2026-08-06-10.02.53-1024x768.jpg 1024w, https:\/\/cordeliers.ch\/wp-content\/uploads\/2026\/09\/2026-08-06-10.02.53-1536x1152.jpg 1536w, https:\/\/cordeliers.ch\/wp-content\/uploads\/2026\/09\/2026-08-06-10.02.53-16x12.jpg 16w, https:\/\/cordeliers.ch\/wp-content\/uploads\/2026\/09\/2026-08-06-10.02.53-2048x1536.jpg 2048w\" sizes=\"(max-width: 2560px) 100vw, 2560px\" \/><figcaption class=\"wp-element-caption\">Ausgerissene Stelle der Klammerbefestigung<\/figcaption><\/figure>\n<\/div>\n\n\n<p class=\"wp-block-paragraph\">Dank der finanziellen Unterst\u00fctzung der Dreifaltigkeits-Stiftung in Zollikon konnte Ms 59 konservatorisch restauriert werden. Das Buch profitierte von einer gr\u00fcndlichen Reinigung. Risse und Fehlstellen bergen das Risiko von weiterem Schaden und Verlust und wurden gesichert. Die Spuren seiner Geschichte \u2013 so wie das Loch der ausgerissenen Kettenklammer \u2013 bleiben dem Band als Teil seiner historischen Identit\u00e4t jedoch erhalten.<\/p>\n\n\n<div class=\"wp-block-image\">\n<figure class=\"aligncenter size-full\"><img decoding=\"async\" width=\"2560\" height=\"1920\" src=\"https:\/\/cordeliers.ch\/wp-content\/uploads\/2026\/09\/2026-05-15-15.33.55-scaled.jpg\" alt=\"\" class=\"wp-image-25016\" srcset=\"https:\/\/cordeliers.ch\/wp-content\/uploads\/2026\/09\/2026-05-15-15.33.55-scaled.jpg 2560w, https:\/\/cordeliers.ch\/wp-content\/uploads\/2026\/09\/2026-05-15-15.33.55-300x225.jpg 300w, https:\/\/cordeliers.ch\/wp-content\/uploads\/2026\/09\/2026-05-15-15.33.55-1024x768.jpg 1024w, https:\/\/cordeliers.ch\/wp-content\/uploads\/2026\/09\/2026-05-15-15.33.55-768x576.jpg 768w, https:\/\/cordeliers.ch\/wp-content\/uploads\/2026\/09\/2026-05-15-15.33.55-1536x1152.jpg 1536w, https:\/\/cordeliers.ch\/wp-content\/uploads\/2026\/09\/2026-05-15-15.33.55-2048x1536.jpg 2048w, https:\/\/cordeliers.ch\/wp-content\/uploads\/2026\/09\/2026-05-15-15.33.55-16x12.jpg 16w\" sizes=\"(max-width: 2560px) 100vw, 2560px\" \/><figcaption class=\"wp-element-caption\">W\u00e4hrend der Trockenreinigung<\/figcaption><\/figure>\n<\/div>\n\n<div class=\"wp-block-image\">\n<figure class=\"aligncenter size-full\"><img loading=\"lazy\" decoding=\"async\" width=\"2560\" height=\"1589\" src=\"https:\/\/cordeliers.ch\/wp-content\/uploads\/2026\/09\/Erganzen-scaled.jpg\" alt=\"\" class=\"wp-image-25019\" srcset=\"https:\/\/cordeliers.ch\/wp-content\/uploads\/2026\/09\/Erganzen-scaled.jpg 2560w, https:\/\/cordeliers.ch\/wp-content\/uploads\/2026\/09\/Erganzen-300x186.jpg 300w, https:\/\/cordeliers.ch\/wp-content\/uploads\/2026\/09\/Erganzen-767x476.jpg 767w, https:\/\/cordeliers.ch\/wp-content\/uploads\/2026\/09\/Erganzen-1024x636.jpg 1024w, https:\/\/cordeliers.ch\/wp-content\/uploads\/2026\/09\/Erganzen-1536x954.jpg 1536w, https:\/\/cordeliers.ch\/wp-content\/uploads\/2026\/09\/Erganzen-2048x1271.jpg 2048w, https:\/\/cordeliers.ch\/wp-content\/uploads\/2026\/09\/Erganzen-18x11.jpg 18w\" sizes=\"(max-width: 2560px) 100vw, 2560px\" \/><figcaption class=\"wp-element-caption\">Erg\u00e4nzung der Fehlstellen an Kopf und Fuss des Bandes<\/figcaption><\/figure>\n<\/div>\n\n<div class=\"wp-block-image\">\n<figure class=\"aligncenter size-full\"><img loading=\"lazy\" decoding=\"async\" width=\"1658\" height=\"2560\" src=\"https:\/\/cordeliers.ch\/wp-content\/uploads\/2026\/09\/ErganzenVorNach-scaled.jpg\" alt=\"\" class=\"wp-image-25020\" srcset=\"https:\/\/cordeliers.ch\/wp-content\/uploads\/2026\/09\/ErganzenVorNach-scaled.jpg 1658w, https:\/\/cordeliers.ch\/wp-content\/uploads\/2026\/09\/ErganzenVorNach-194x300.jpg 194w, https:\/\/cordeliers.ch\/wp-content\/uploads\/2026\/09\/ErganzenVorNach-768x1185.jpg 768w, https:\/\/cordeliers.ch\/wp-content\/uploads\/2026\/09\/ErganzenVorNach-663x1024.jpg 663w, https:\/\/cordeliers.ch\/wp-content\/uploads\/2026\/09\/ErganzenVorNach-995x1536.jpg 995w, https:\/\/cordeliers.ch\/wp-content\/uploads\/2026\/09\/ErganzenVorNach-8x12.jpg 8w, https:\/\/cordeliers.ch\/wp-content\/uploads\/2026\/09\/ErganzenVorNach-1327x2048.jpg 1327w\" sizes=\"(max-width: 1658px) 100vw, 1658px\" \/><figcaption class=\"wp-element-caption\">Vor- und Nachzustand des R\u00fcckens<\/figcaption><\/figure>\n<\/div>\n\n\n<p class=\"wp-block-paragraph\">Gest\u00e4rkt und in einer massgefertigten Box geborgen, reiht sich Ms 59 wieder ein in die Reihe der \u00dcberlieferung.<\/p>\n\n\n\n<p class=\"wp-block-paragraph\">Hier beginnt erneut die eigentliche Leistung des Erhaltens: Fortw\u00e4hrender Schutz und Schirm von Tag zu Tag, von Jahr zu Jahr, von Generation zu Generation.<\/p>\n\n\n\n<p class=\"wp-block-paragraph\"><\/p>\n\n\n\n<p class=\"wp-block-paragraph\"><\/p>\n\n<\/div>","protected":false},"excerpt":{"rendered":"<p>Streaks und XY-Tag-Challenges sind derzeit stark in Mode. Wie hoch liegt ihr Rekord? 60 Tage? 100 Tage? - wie w\u00e4r\u2019s mit 206\u2019225 Tagen und steigend? <a title=\"Ununterbrochen\" class=\"read-more\" href=\"https:\/\/cordeliers.ch\/de\/2026\/09\/02\/ininterrompu\/\" aria-label=\"Mehr Informationen \u00fcber Ininterrompu\">Weiterlesen &#8230;<\/a><\/p>","protected":false},"author":1,"featured_media":25016,"comment_status":"closed","ping_status":"closed","sticky":false,"template":"","format":"standard","meta":{"footnotes":""},"categories":[8],"tags":[],"class_list":["post-25015","post","type-post","status-publish","format-standard","has-post-thumbnail","hentry","category-blogs","generate-columns","tablet-grid-50","mobile-grid-100","grid-parent","grid-50"],"yoast_head":"<!-- This site is optimized with the Yoast SEO plugin v28.4 - https:\/\/yoast.com\/product\/yoast-seo-wordpress\/ -->\n<title>Ininterrompu - cordeliers<\/title>\n<meta name=\"robots\" content=\"index, follow, max-snippet:-1, max-image-preview:large, max-video-preview:-1\" \/>\n<link rel=\"canonical\" href=\"https:\/\/cordeliers.ch\/de\/2026\/09\/02\/ininterrompu\/\" \/>\n<meta property=\"og:locale\" content=\"de_DE\" \/>\n<meta property=\"og:type\" content=\"article\" \/>\n<meta property=\"og:title\" content=\"Ininterrompu - cordeliers\" \/>\n<meta property=\"og:description\" content=\"S\u00e9ries \u00e0 succ\u00e8s et d\u00e9fis de XY jour sont en vogue actuellement. Quel est votre record ? 60 jours ? 100 jours ? \u2013 Que diriez-vous de 206&rsquo;225 jours, et continuant \u00e0 compter\u00a0? Il s\u2019agit du Ms 59. Ce volume reli\u00e9 en cuir d\u2019apparence falot au format maniable contient une copie du commentaire sur les ... Weiterlesen ...\" \/>\n<meta property=\"og:url\" content=\"https:\/\/cordeliers.ch\/de\/2026\/09\/02\/ininterrompu\/\" \/>\n<meta property=\"og:site_name\" content=\"cordeliers\" \/>\n<meta property=\"article:published_time\" content=\"2026-09-02T13:07:25+00:00\" \/>\n<meta property=\"article:modified_time\" content=\"2026-09-02T13:07:27+00:00\" \/>\n<meta property=\"og:image\" content=\"https:\/\/cordeliers.ch\/wp-content\/uploads\/2026\/09\/2026-05-15-15.33.55-scaled.jpg\" \/>\n\t<meta property=\"og:image:width\" content=\"2560\" \/>\n\t<meta property=\"og:image:height\" content=\"1920\" \/>\n\t<meta property=\"og:image:type\" content=\"image\/jpeg\" \/>\n<meta name=\"author\" content=\"admin\" \/>\n<meta name=\"twitter:card\" content=\"summary_large_image\" \/>\n<meta name=\"twitter:label1\" content=\"Verfasst von\" \/>\n\t<meta name=\"twitter:data1\" content=\"admin\" \/>\n\t<meta name=\"twitter:label2\" content=\"Gesch\u00e4tzte Lesezeit\" \/>\n\t<meta name=\"twitter:data2\" content=\"4\u00a0Minuten\" \/>\n<script type=\"application\/ld+json\" class=\"yoast-schema-graph\">{\"@context\":\"https:\\\/\\\/schema.org\",\"@graph\":[{\"@type\":\"Article\",\"@id\":\"https:\\\/\\\/cordeliers.ch\\\/2026\\\/09\\\/02\\\/ininterrompu\\\/#article\",\"isPartOf\":{\"@id\":\"https:\\\/\\\/cordeliers.ch\\\/2026\\\/09\\\/02\\\/ininterrompu\\\/\"},\"author\":{\"name\":\"admin\",\"@id\":\"https:\\\/\\\/cordeliers.ch\\\/#\\\/schema\\\/person\\\/376b7a59b87a42be8cc32dd6c78aca6a\"},\"headline\":\"Ininterrompu\",\"datePublished\":\"2026-09-02T13:07:25+00:00\",\"dateModified\":\"2026-09-02T13:07:27+00:00\",\"mainEntityOfPage\":{\"@id\":\"https:\\\/\\\/cordeliers.ch\\\/2026\\\/09\\\/02\\\/ininterrompu\\\/\"},\"wordCount\":611,\"publisher\":{\"@id\":\"https:\\\/\\\/cordeliers.ch\\\/#organization\"},\"image\":{\"@id\":\"https:\\\/\\\/cordeliers.ch\\\/2026\\\/09\\\/02\\\/ininterrompu\\\/#primaryimage\"},\"thumbnailUrl\":\"https:\\\/\\\/cordeliers.ch\\\/wp-content\\\/uploads\\\/2026\\\/09\\\/2026-05-15-15.33.55-scaled.jpg\",\"articleSection\":[\"Blog patrimoine\"],\"inLanguage\":\"de\"},{\"@type\":\"WebPage\",\"@id\":\"https:\\\/\\\/cordeliers.ch\\\/2026\\\/09\\\/02\\\/ininterrompu\\\/\",\"url\":\"https:\\\/\\\/cordeliers.ch\\\/2026\\\/09\\\/02\\\/ininterrompu\\\/\",\"name\":\"Ininterrompu - cordeliers\",\"isPartOf\":{\"@id\":\"https:\\\/\\\/cordeliers.ch\\\/#website\"},\"primaryImageOfPage\":{\"@id\":\"https:\\\/\\\/cordeliers.ch\\\/2026\\\/09\\\/02\\\/ininterrompu\\\/#primaryimage\"},\"image\":{\"@id\":\"https:\\\/\\\/cordeliers.ch\\\/2026\\\/09\\\/02\\\/ininterrompu\\\/#primaryimage\"},\"thumbnailUrl\":\"https:\\\/\\\/cordeliers.ch\\\/wp-content\\\/uploads\\\/2026\\\/09\\\/2026-05-15-15.33.55-scaled.jpg\",\"datePublished\":\"2026-09-02T13:07:25+00:00\",\"dateModified\":\"2026-09-02T13:07:27+00:00\",\"breadcrumb\":{\"@id\":\"https:\\\/\\\/cordeliers.ch\\\/2026\\\/09\\\/02\\\/ininterrompu\\\/#breadcrumb\"},\"inLanguage\":\"de\",\"potentialAction\":[{\"@type\":\"ReadAction\",\"target\":[\"https:\\\/\\\/cordeliers.ch\\\/2026\\\/09\\\/02\\\/ininterrompu\\\/\"]}]},{\"@type\":\"ImageObject\",\"inLanguage\":\"de\",\"@id\":\"https:\\\/\\\/cordeliers.ch\\\/2026\\\/09\\\/02\\\/ininterrompu\\\/#primaryimage\",\"url\":\"https:\\\/\\\/cordeliers.ch\\\/wp-content\\\/uploads\\\/2026\\\/09\\\/2026-05-15-15.33.55-scaled.jpg\",\"contentUrl\":\"https:\\\/\\\/cordeliers.ch\\\/wp-content\\\/uploads\\\/2026\\\/09\\\/2026-05-15-15.33.55-scaled.jpg\",\"width\":2560,\"height\":1920},{\"@type\":\"BreadcrumbList\",\"@id\":\"https:\\\/\\\/cordeliers.ch\\\/2026\\\/09\\\/02\\\/ininterrompu\\\/#breadcrumb\",\"itemListElement\":[{\"@type\":\"ListItem\",\"position\":1,\"name\":\"Accueil\",\"item\":\"https:\\\/\\\/cordeliers.ch\\\/\"},{\"@type\":\"ListItem\",\"position\":2,\"name\":\"Ininterrompu\"}]},{\"@type\":\"WebSite\",\"@id\":\"https:\\\/\\\/cordeliers.ch\\\/#website\",\"url\":\"https:\\\/\\\/cordeliers.ch\\\/\",\"name\":\"cordeliers\",\"description\":\"\",\"publisher\":{\"@id\":\"https:\\\/\\\/cordeliers.ch\\\/#organization\"},\"potentialAction\":[{\"@type\":\"SearchAction\",\"target\":{\"@type\":\"EntryPoint\",\"urlTemplate\":\"https:\\\/\\\/cordeliers.ch\\\/?s={search_term_string}\"},\"query-input\":{\"@type\":\"PropertyValueSpecification\",\"valueRequired\":true,\"valueName\":\"search_term_string\"}}],\"inLanguage\":\"de\"},{\"@type\":\"Organization\",\"@id\":\"https:\\\/\\\/cordeliers.ch\\\/#organization\",\"name\":\"cordeliers\",\"url\":\"https:\\\/\\\/cordeliers.ch\\\/\",\"logo\":{\"@type\":\"ImageObject\",\"inLanguage\":\"de\",\"@id\":\"https:\\\/\\\/cordeliers.ch\\\/#\\\/schema\\\/logo\\\/image\\\/\",\"url\":\"https:\\\/\\\/cordeliers.ch\\\/wp-content\\\/uploads\\\/2024\\\/11\\\/cropped-Ativa-MS-2.png\",\"contentUrl\":\"https:\\\/\\\/cordeliers.ch\\\/wp-content\\\/uploads\\\/2024\\\/11\\\/cropped-Ativa-MS-2.png\",\"width\":461,\"height\":108,\"caption\":\"cordeliers\"},\"image\":{\"@id\":\"https:\\\/\\\/cordeliers.ch\\\/#\\\/schema\\\/logo\\\/image\\\/\"}},{\"@type\":\"Person\",\"@id\":\"https:\\\/\\\/cordeliers.ch\\\/#\\\/schema\\\/person\\\/376b7a59b87a42be8cc32dd6c78aca6a\",\"name\":\"admin\",\"image\":{\"@type\":\"ImageObject\",\"inLanguage\":\"de\",\"@id\":\"https:\\\/\\\/secure.gravatar.com\\\/avatar\\\/b71ed6aeddea310261f6e46df165f24ce2f31af691ebf3f830ef4839636bf082?s=96&d=mm&r=g\",\"url\":\"https:\\\/\\\/secure.gravatar.com\\\/avatar\\\/b71ed6aeddea310261f6e46df165f24ce2f31af691ebf3f830ef4839636bf082?s=96&d=mm&r=g\",\"contentUrl\":\"https:\\\/\\\/secure.gravatar.com\\\/avatar\\\/b71ed6aeddea310261f6e46df165f24ce2f31af691ebf3f830ef4839636bf082?s=96&d=mm&r=g\",\"caption\":\"admin\"},\"sameAs\":[\"https:\\\/\\\/cordeliers.ch\"],\"url\":\"https:\\\/\\\/cordeliers.ch\\\/de\\\/author\\\/admin\\\/\"}]}<\/script>\n<!-- \/ Yoast SEO plugin. -->","yoast_head_json":{"title":"Ininterrompu - cordeliers","robots":{"index":"index","follow":"follow","max-snippet":"max-snippet:-1","max-image-preview":"max-image-preview:large","max-video-preview":"max-video-preview:-1"},"canonical":"https:\/\/cordeliers.ch\/de\/2026\/09\/02\/ininterrompu\/","og_locale":"de_DE","og_type":"article","og_title":"Ininterrompu - cordeliers","og_description":"S\u00e9ries \u00e0 succ\u00e8s et d\u00e9fis de XY jour sont en vogue actuellement. Quel est votre record ? 60 jours ? 100 jours ? \u2013 Que diriez-vous de 206&rsquo;225 jours, et continuant \u00e0 compter\u00a0? Il s\u2019agit du Ms 59. Ce volume reli\u00e9 en cuir d\u2019apparence falot au format maniable contient une copie du commentaire sur les ... Weiterlesen ...","og_url":"https:\/\/cordeliers.ch\/de\/2026\/09\/02\/ininterrompu\/","og_site_name":"cordeliers","article_published_time":"2026-09-02T13:07:25+00:00","article_modified_time":"2026-09-02T13:07:27+00:00","og_image":[{"width":2560,"height":1920,"url":"https:\/\/cordeliers.ch\/wp-content\/uploads\/2026\/09\/2026-05-15-15.33.55-scaled.jpg","type":"image\/jpeg"}],"author":"admin","twitter_card":"summary_large_image","twitter_misc":{"Verfasst von":"admin","Gesch\u00e4tzte Lesezeit":"4\u00a0Minuten"},"schema":{"@context":"https:\/\/schema.org","@graph":[{"@type":"Article","@id":"https:\/\/cordeliers.ch\/2026\/09\/02\/ininterrompu\/#article","isPartOf":{"@id":"https:\/\/cordeliers.ch\/2026\/09\/02\/ininterrompu\/"},"author":{"name":"admin","@id":"https:\/\/cordeliers.ch\/#\/schema\/person\/376b7a59b87a42be8cc32dd6c78aca6a"},"headline":"Ininterrompu","datePublished":"2026-09-02T13:07:25+00:00","dateModified":"2026-09-02T13:07:27+00:00","mainEntityOfPage":{"@id":"https:\/\/cordeliers.ch\/2026\/09\/02\/ininterrompu\/"},"wordCount":611,"publisher":{"@id":"https:\/\/cordeliers.ch\/#organization"},"image":{"@id":"https:\/\/cordeliers.ch\/2026\/09\/02\/ininterrompu\/#primaryimage"},"thumbnailUrl":"https:\/\/cordeliers.ch\/wp-content\/uploads\/2026\/09\/2026-05-15-15.33.55-scaled.jpg","articleSection":["Blog patrimoine"],"inLanguage":"de"},{"@type":"WebPage","@id":"https:\/\/cordeliers.ch\/2026\/09\/02\/ininterrompu\/","url":"https:\/\/cordeliers.ch\/2026\/09\/02\/ininterrompu\/","name":"Ininterrompu - cordeliers","isPartOf":{"@id":"https:\/\/cordeliers.ch\/#website"},"primaryImageOfPage":{"@id":"https:\/\/cordeliers.ch\/2026\/09\/02\/ininterrompu\/#primaryimage"},"image":{"@id":"https:\/\/cordeliers.ch\/2026\/09\/02\/ininterrompu\/#primaryimage"},"thumbnailUrl":"https:\/\/cordeliers.ch\/wp-content\/uploads\/2026\/09\/2026-05-15-15.33.55-scaled.jpg","datePublished":"2026-09-02T13:07:25+00:00","dateModified":"2026-09-02T13:07:27+00:00","breadcrumb":{"@id":"https:\/\/cordeliers.ch\/2026\/09\/02\/ininterrompu\/#breadcrumb"},"inLanguage":"de","potentialAction":[{"@type":"ReadAction","target":["https:\/\/cordeliers.ch\/2026\/09\/02\/ininterrompu\/"]}]},{"@type":"ImageObject","inLanguage":"de","@id":"https:\/\/cordeliers.ch\/2026\/09\/02\/ininterrompu\/#primaryimage","url":"https:\/\/cordeliers.ch\/wp-content\/uploads\/2026\/09\/2026-05-15-15.33.55-scaled.jpg","contentUrl":"https:\/\/cordeliers.ch\/wp-content\/uploads\/2026\/09\/2026-05-15-15.33.55-scaled.jpg","width":2560,"height":1920},{"@type":"BreadcrumbList","@id":"https:\/\/cordeliers.ch\/2026\/09\/02\/ininterrompu\/#breadcrumb","itemListElement":[{"@type":"ListItem","position":1,"name":"Accueil","item":"https:\/\/cordeliers.ch\/"},{"@type":"ListItem","position":2,"name":"Ininterrompu"}]},{"@type":"WebSite","@id":"https:\/\/cordeliers.ch\/#website","url":"https:\/\/cordeliers.ch\/","name":"cordeliers","description":"","publisher":{"@id":"https:\/\/cordeliers.ch\/#organization"},"potentialAction":[{"@type":"SearchAction","target":{"@type":"EntryPoint","urlTemplate":"https:\/\/cordeliers.ch\/?s={search_term_string}"},"query-input":{"@type":"PropertyValueSpecification","valueRequired":true,"valueName":"search_term_string"}}],"inLanguage":"de"},{"@type":"Organization","@id":"https:\/\/cordeliers.ch\/#organization","name":"cordeliers","url":"https:\/\/cordeliers.ch\/","logo":{"@type":"ImageObject","inLanguage":"de","@id":"https:\/\/cordeliers.ch\/#\/schema\/logo\/image\/","url":"https:\/\/cordeliers.ch\/wp-content\/uploads\/2024\/11\/cropped-Ativa-MS-2.png","contentUrl":"https:\/\/cordeliers.ch\/wp-content\/uploads\/2024\/11\/cropped-Ativa-MS-2.png","width":461,"height":108,"caption":"cordeliers"},"image":{"@id":"https:\/\/cordeliers.ch\/#\/schema\/logo\/image\/"}},{"@type":"Person","@id":"https:\/\/cordeliers.ch\/#\/schema\/person\/376b7a59b87a42be8cc32dd6c78aca6a","name":"admin","image":{"@type":"ImageObject","inLanguage":"de","@id":"https:\/\/secure.gravatar.com\/avatar\/b71ed6aeddea310261f6e46df165f24ce2f31af691ebf3f830ef4839636bf082?s=96&d=mm&r=g","url":"https:\/\/secure.gravatar.com\/avatar\/b71ed6aeddea310261f6e46df165f24ce2f31af691ebf3f830ef4839636bf082?s=96&d=mm&r=g","contentUrl":"https:\/\/secure.gravatar.com\/avatar\/b71ed6aeddea310261f6e46df165f24ce2f31af691ebf3f830ef4839636bf082?s=96&d=mm&r=g","caption":"admin"},"sameAs":["https:\/\/cordeliers.ch"],"url":"https:\/\/cordeliers.ch\/de\/author\/admin\/"}]}},"_links":{"self":[{"href":"https:\/\/cordeliers.ch\/de\/wp-json\/wp\/v2\/posts\/25015","targetHints":{"allow":["GET"]}}],"collection":[{"href":"https:\/\/cordeliers.ch\/de\/wp-json\/wp\/v2\/posts"}],"about":[{"href":"https:\/\/cordeliers.ch\/de\/wp-json\/wp\/v2\/types\/post"}],"author":[{"embeddable":true,"href":"https:\/\/cordeliers.ch\/de\/wp-json\/wp\/v2\/users\/1"}],"replies":[{"embeddable":true,"href":"https:\/\/cordeliers.ch\/de\/wp-json\/wp\/v2\/comments?post=25015"}],"version-history":[{"count":1,"href":"https:\/\/cordeliers.ch\/de\/wp-json\/wp\/v2\/posts\/25015\/revisions"}],"predecessor-version":[{"id":25021,"href":"https:\/\/cordeliers.ch\/de\/wp-json\/wp\/v2\/posts\/25015\/revisions\/25021"}],"wp:featuredmedia":[{"embeddable":true,"href":"https:\/\/cordeliers.ch\/de\/wp-json\/wp\/v2\/media\/25016"}],"wp:attachment":[{"href":"https:\/\/cordeliers.ch\/de\/wp-json\/wp\/v2\/media?parent=25015"}],"wp:term":[{"taxonomy":"category","embeddable":true,"href":"https:\/\/cordeliers.ch\/de\/wp-json\/wp\/v2\/categories?post=25015"},{"taxonomy":"post_tag","embeddable":true,"href":"https:\/\/cordeliers.ch\/de\/wp-json\/wp\/v2\/tags?post=25015"}],"curies":[{"name":"wp","href":"https:\/\/api.w.org\/{rel}","templated":true}]}}