{"id":24842,"date":"2026-04-22T13:11:19","date_gmt":"2026-04-22T11:11:19","guid":{"rendered":"https:\/\/cordeliers.ch\/?p=24842"},"modified":"2026-04-22T13:11:21","modified_gmt":"2026-04-22T11:11:21","slug":"nuit-des-musees-2026","status":"publish","type":"post","link":"https:\/\/cordeliers.ch\/de\/2026\/04\/22\/nuit-des-musees-2026\/","title":{"rendered":"Museumsnacht 2026"},"content":{"rendered":"<div class=\"gb-container gb-container-2dcbae0f\">\n\n<p>Nach einer erfolgreichen ersten Teilnahme 2025 nimmt das Franziskanerkloster auch an der diesj\u00e4hrigen Ausgabe der Museumsnacht teil. Das Thema dieser Ausgabe lautet \u00abPower Play\u00bb und steht im Einklang mit der Eishockey-Weltmeisterschaft, die vom 15. bis 31. Mai 2026 in der Freiburger Hauptstadt stattfindet. Unter diesem Motto laden die Museen das Publikum ein, die Sch\u00e4tze ihrer Sammlungen und die zahlreichen f\u00fcr diesen Anlass vorbereiteten Aktivit\u00e4ten zu entdecken.<\/p>\n\n\n\n<div class=\"wp-block-group is-nowrap is-layout-flex wp-container-core-group-is-layout-ad2f72ca wp-block-group-is-layout-flex\"><div class=\"gb-container gb-container-3b6d2f16\">\n<div class=\"gb-container gb-container-aa506d77\">\n<div class=\"gb-container gb-container-63f2d403\">\n\n<figure class=\"wp-block-image size-large\"><img fetchpriority=\"high\" decoding=\"async\" width=\"819\" height=\"1024\" src=\"https:\/\/cordeliers.ch\/wp-content\/uploads\/2026\/04\/NDM_RS_Portrait_1080x1350_2026_010426-819x1024.jpg\" alt=\"\" class=\"wp-image-24844\" srcset=\"https:\/\/cordeliers.ch\/wp-content\/uploads\/2026\/04\/NDM_RS_Portrait_1080x1350_2026_010426-819x1024.jpg 819w, https:\/\/cordeliers.ch\/wp-content\/uploads\/2026\/04\/NDM_RS_Portrait_1080x1350_2026_010426-240x300.jpg 240w, https:\/\/cordeliers.ch\/wp-content\/uploads\/2026\/04\/NDM_RS_Portrait_1080x1350_2026_010426-768x960.jpg 768w, https:\/\/cordeliers.ch\/wp-content\/uploads\/2026\/04\/NDM_RS_Portrait_1080x1350_2026_010426-1229x1536.jpg 1229w, https:\/\/cordeliers.ch\/wp-content\/uploads\/2026\/04\/NDM_RS_Portrait_1080x1350_2026_010426-1638x2048.jpg 1638w, https:\/\/cordeliers.ch\/wp-content\/uploads\/2026\/04\/NDM_RS_Portrait_1080x1350_2026_010426-10x12.jpg 10w, https:\/\/cordeliers.ch\/wp-content\/uploads\/2026\/04\/NDM_RS_Portrait_1080x1350_2026_010426-scaled.jpg 2048w\" sizes=\"(max-width: 819px) 100vw, 819px\" \/><\/figure>\n\n<\/div>\n<\/div>\n<\/div>\n\n<div class=\"gb-container gb-container-91047dc4\">\n<div class=\"gb-container gb-container-e8e1f4e4\">\n<div class=\"gb-container gb-container-86134a8f\">\n<div class=\"gb-container gb-container-068a03e1\"><\/div>\n<\/div>\n<\/div>\n<\/div><\/div>\n\n\n\n<p>Bei \"Powerplay\" denkt man nicht unbedingt an ein Franziskanerkloster oder an eine religi\u00f6se Institution. Dennoch sind gegens\u00e4tzliche Machtverh\u00e4ltnisse, Spannungen zwischen zwei Kr\u00e4ften, Machtungleichgewichte sowie Konfrontationen zwischen zwei Einheiten mit gegens\u00e4tzlichen Eigenschaften in der Geschichte der Franziskanergemeinschaft durchaus pr\u00e4sent. Man findet dort sogar Spuren sportlicher Wettk\u00e4mpfe. Wenn man den Blickwinkel erweitert, k\u00fcndigt sich eine abenteuerliche Reise an:<\/p>\n\n\n\n<p>Kleine Zettel und Wachsfiguren, die von den Gl\u00e4ubigen geschluckt wurden, um dem B\u00f6sen entgegenzuwirken und Ungl\u00fcck abzuwenden, ein \u00fcbernat\u00fcrliches \"Powerplay\" im Kloster, der lange Kampf der Franziskaner gegen die staatliche Vormundschaft, die sich immer mehr Rechte aneignete, Eishockeyspiele im Klosterhof und Fussballpartien im Grabensaal, einem dem Kloster geh\u00f6renden Gel\u00e4nde, oder schliesslich die lange Reise der alten B\u00fccher, Zeugen einer fernen Vergangenheit und Tr\u00e4ger von manchmal \u201e\u00fcbernat\u00fcrlichem\u201c und seltsamem Wissen, das Alchemie, Astrologie oder Medizin zu einer Art grossen Zauberkunst verband.<\/p>\n\n\n\n<p>Sportliche, zauberhafte, \u00fcberraschende und vielleicht sogar spektakul\u00e4re Entdeckungen erwarten das Publikum, das sich in den Pausen in der \u201eKlosterbar\u201c erfrischen und die von der Cantina del Mulino in den Gew\u00f6lber\u00e4umen des Klosters angebotenen Weine und Biere geniessen kann.<\/p>\n\n\n\n<figure class=\"wp-block-image size-large\"><img decoding=\"async\" width=\"1024\" height=\"657\" src=\"https:\/\/cordeliers.ch\/wp-content\/uploads\/2026\/04\/Ms53_f166v_PBF_4635-1024x657.jpg\" alt=\"\" class=\"wp-image-24845\" srcset=\"https:\/\/cordeliers.ch\/wp-content\/uploads\/2026\/04\/Ms53_f166v_PBF_4635-1024x657.jpg 1024w, https:\/\/cordeliers.ch\/wp-content\/uploads\/2026\/04\/Ms53_f166v_PBF_4635-300x193.jpg 300w, https:\/\/cordeliers.ch\/wp-content\/uploads\/2026\/04\/Ms53_f166v_PBF_4635-768x493.jpg 768w, https:\/\/cordeliers.ch\/wp-content\/uploads\/2026\/04\/Ms53_f166v_PBF_4635-1536x986.jpg 1536w, https:\/\/cordeliers.ch\/wp-content\/uploads\/2026\/04\/Ms53_f166v_PBF_4635-2048x1314.jpg 2048w, https:\/\/cordeliers.ch\/wp-content\/uploads\/2026\/04\/Ms53_f166v_PBF_4635-18x12.jpg 18w\" sizes=\"(max-width: 1024px) 100vw, 1024px\" \/><\/figure>\n\n\n\n<p><\/p>\n\n\n\n<p><\/p>\n\n\n\n<p><\/p>\n\n\n\n<p><\/p>\n\n\n\n<p><\/p>\n\n\n\n<p><\/p>\n\n\n\n<p><\/p>\n\n\n\n<p><\/p>\n\n<\/div>\n\n\n<p><\/p>","protected":false},"excerpt":{"rendered":"<p>Nach einer erfolgreichen ersten Teilnahme 2025 nimmt das Franziskanerkloster auch an der diesj\u00e4hrigen Ausgabe der Museumsnacht teil. Das Thema dieser Ausgabe lautet \u00abPower Play\u00bb und steht im Einklang mit der Eishockey-Weltmeisterschaft, die vom 15. bis 31. Mai 2026 in der Freiburger Hauptstadt stattfindet. Unter diesem Motto laden die Museen das Publikum ein, die Sch\u00e4tze ihrer Sammlungen und die zahlreichen f\u00fcr diesen Anlass vorbereiteten Aktivit\u00e4ten zu entdecken. <a title=\"Museumsnacht 2026\" class=\"read-more\" href=\"https:\/\/cordeliers.ch\/de\/2026\/04\/22\/nuit-des-musees-2026\/\" aria-label=\"Mehr Informationen \u00fcber Nuit des mus\u00e9es 2026\">Weiterlesen &#8230;<\/a><\/p>","protected":false},"author":1,"featured_media":24844,"comment_status":"closed","ping_status":"closed","sticky":false,"template":"","format":"standard","meta":{"footnotes":""},"categories":[8],"tags":[],"class_list":["post-24842","post","type-post","status-publish","format-standard","has-post-thumbnail","hentry","category-blogs","generate-columns","tablet-grid-50","mobile-grid-100","grid-parent","grid-50"],"yoast_head":"<!-- This site is optimized with the Yoast SEO plugin v27.4 - https:\/\/yoast.com\/product\/yoast-seo-wordpress\/ -->\n<title>Nuit des mus\u00e9es 2026 - cordeliers<\/title>\n<meta name=\"robots\" content=\"index, follow, max-snippet:-1, max-image-preview:large, max-video-preview:-1\" \/>\n<link rel=\"canonical\" href=\"https:\/\/cordeliers.ch\/de\/2026\/04\/22\/nuit-des-musees-2026\/\" \/>\n<meta property=\"og:locale\" content=\"de_DE\" \/>\n<meta property=\"og:type\" content=\"article\" \/>\n<meta property=\"og:title\" content=\"Nuit des mus\u00e9es 2026 - cordeliers\" \/>\n<meta property=\"og:description\" content=\"Apr\u00e8s une belle r\u00e9ussite de notre participation en 2025, le Couvent des Cordeliers participera \u00e0 l&rsquo;\u00e9dition 2026. Le th\u00e8me choisi pour cette \u00e9dition est \u00abPower Play\u00bb en \u00e9cho avec le Championnat du monde de Hockey sur glace qui se d\u00e9roulera dans la capitale fribourgeoise du 15 au 31 mai 2026. Au travers de cette th\u00e9matique, ... Weiterlesen ...\" \/>\n<meta property=\"og:url\" content=\"https:\/\/cordeliers.ch\/de\/2026\/04\/22\/nuit-des-musees-2026\/\" \/>\n<meta property=\"og:site_name\" content=\"cordeliers\" \/>\n<meta property=\"article:published_time\" content=\"2026-04-22T11:11:19+00:00\" \/>\n<meta property=\"article:modified_time\" content=\"2026-04-22T11:11:21+00:00\" \/>\n<meta property=\"og:image\" content=\"https:\/\/cordeliers.ch\/wp-content\/uploads\/2026\/04\/NDM_RS_Portrait_1080x1350_2026_010426-scaled.jpg\" \/>\n\t<meta property=\"og:image:width\" content=\"2048\" \/>\n\t<meta property=\"og:image:height\" content=\"2560\" \/>\n\t<meta property=\"og:image:type\" content=\"image\/jpeg\" \/>\n<meta name=\"author\" content=\"admin\" \/>\n<meta name=\"twitter:card\" content=\"summary_large_image\" \/>\n<meta name=\"twitter:label1\" content=\"Verfasst von\" \/>\n\t<meta name=\"twitter:data1\" content=\"admin\" \/>\n\t<meta name=\"twitter:label2\" content=\"Gesch\u00e4tzte Lesezeit\" \/>\n\t<meta name=\"twitter:data2\" content=\"3\u00a0Minuten\" \/>\n<script type=\"application\/ld+json\" class=\"yoast-schema-graph\">{\"@context\":\"https:\\\/\\\/schema.org\",\"@graph\":[{\"@type\":\"Article\",\"@id\":\"https:\\\/\\\/cordeliers.ch\\\/2026\\\/04\\\/22\\\/nuit-des-musees-2026\\\/#article\",\"isPartOf\":{\"@id\":\"https:\\\/\\\/cordeliers.ch\\\/2026\\\/04\\\/22\\\/nuit-des-musees-2026\\\/\"},\"author\":{\"name\":\"admin\",\"@id\":\"https:\\\/\\\/cordeliers.ch\\\/#\\\/schema\\\/person\\\/376b7a59b87a42be8cc32dd6c78aca6a\"},\"headline\":\"Nuit des mus\u00e9es 2026\",\"datePublished\":\"2026-04-22T11:11:19+00:00\",\"dateModified\":\"2026-04-22T11:11:21+00:00\",\"mainEntityOfPage\":{\"@id\":\"https:\\\/\\\/cordeliers.ch\\\/2026\\\/04\\\/22\\\/nuit-des-musees-2026\\\/\"},\"wordCount\":332,\"publisher\":{\"@id\":\"https:\\\/\\\/cordeliers.ch\\\/#organization\"},\"image\":{\"@id\":\"https:\\\/\\\/cordeliers.ch\\\/2026\\\/04\\\/22\\\/nuit-des-musees-2026\\\/#primaryimage\"},\"thumbnailUrl\":\"https:\\\/\\\/cordeliers.ch\\\/wp-content\\\/uploads\\\/2026\\\/04\\\/NDM_RS_Portrait_1080x1350_2026_010426-scaled.jpg\",\"articleSection\":[\"Blog patrimoine\"],\"inLanguage\":\"de\"},{\"@type\":\"WebPage\",\"@id\":\"https:\\\/\\\/cordeliers.ch\\\/2026\\\/04\\\/22\\\/nuit-des-musees-2026\\\/\",\"url\":\"https:\\\/\\\/cordeliers.ch\\\/2026\\\/04\\\/22\\\/nuit-des-musees-2026\\\/\",\"name\":\"Nuit des mus\u00e9es 2026 - cordeliers\",\"isPartOf\":{\"@id\":\"https:\\\/\\\/cordeliers.ch\\\/#website\"},\"primaryImageOfPage\":{\"@id\":\"https:\\\/\\\/cordeliers.ch\\\/2026\\\/04\\\/22\\\/nuit-des-musees-2026\\\/#primaryimage\"},\"image\":{\"@id\":\"https:\\\/\\\/cordeliers.ch\\\/2026\\\/04\\\/22\\\/nuit-des-musees-2026\\\/#primaryimage\"},\"thumbnailUrl\":\"https:\\\/\\\/cordeliers.ch\\\/wp-content\\\/uploads\\\/2026\\\/04\\\/NDM_RS_Portrait_1080x1350_2026_010426-scaled.jpg\",\"datePublished\":\"2026-04-22T11:11:19+00:00\",\"dateModified\":\"2026-04-22T11:11:21+00:00\",\"breadcrumb\":{\"@id\":\"https:\\\/\\\/cordeliers.ch\\\/2026\\\/04\\\/22\\\/nuit-des-musees-2026\\\/#breadcrumb\"},\"inLanguage\":\"de\",\"potentialAction\":[{\"@type\":\"ReadAction\",\"target\":[\"https:\\\/\\\/cordeliers.ch\\\/2026\\\/04\\\/22\\\/nuit-des-musees-2026\\\/\"]}]},{\"@type\":\"ImageObject\",\"inLanguage\":\"de\",\"@id\":\"https:\\\/\\\/cordeliers.ch\\\/2026\\\/04\\\/22\\\/nuit-des-musees-2026\\\/#primaryimage\",\"url\":\"https:\\\/\\\/cordeliers.ch\\\/wp-content\\\/uploads\\\/2026\\\/04\\\/NDM_RS_Portrait_1080x1350_2026_010426-scaled.jpg\",\"contentUrl\":\"https:\\\/\\\/cordeliers.ch\\\/wp-content\\\/uploads\\\/2026\\\/04\\\/NDM_RS_Portrait_1080x1350_2026_010426-scaled.jpg\",\"width\":2048,\"height\":2560},{\"@type\":\"BreadcrumbList\",\"@id\":\"https:\\\/\\\/cordeliers.ch\\\/2026\\\/04\\\/22\\\/nuit-des-musees-2026\\\/#breadcrumb\",\"itemListElement\":[{\"@type\":\"ListItem\",\"position\":1,\"name\":\"Accueil\",\"item\":\"https:\\\/\\\/cordeliers.ch\\\/\"},{\"@type\":\"ListItem\",\"position\":2,\"name\":\"Nuit des mus\u00e9es 2026\"}]},{\"@type\":\"WebSite\",\"@id\":\"https:\\\/\\\/cordeliers.ch\\\/#website\",\"url\":\"https:\\\/\\\/cordeliers.ch\\\/\",\"name\":\"cordeliers\",\"description\":\"\",\"publisher\":{\"@id\":\"https:\\\/\\\/cordeliers.ch\\\/#organization\"},\"potentialAction\":[{\"@type\":\"SearchAction\",\"target\":{\"@type\":\"EntryPoint\",\"urlTemplate\":\"https:\\\/\\\/cordeliers.ch\\\/?s={search_term_string}\"},\"query-input\":{\"@type\":\"PropertyValueSpecification\",\"valueRequired\":true,\"valueName\":\"search_term_string\"}}],\"inLanguage\":\"de\"},{\"@type\":\"Organization\",\"@id\":\"https:\\\/\\\/cordeliers.ch\\\/#organization\",\"name\":\"cordeliers\",\"url\":\"https:\\\/\\\/cordeliers.ch\\\/\",\"logo\":{\"@type\":\"ImageObject\",\"inLanguage\":\"de\",\"@id\":\"https:\\\/\\\/cordeliers.ch\\\/#\\\/schema\\\/logo\\\/image\\\/\",\"url\":\"https:\\\/\\\/cordeliers.ch\\\/wp-content\\\/uploads\\\/2024\\\/11\\\/cropped-Ativa-MS-2.png\",\"contentUrl\":\"https:\\\/\\\/cordeliers.ch\\\/wp-content\\\/uploads\\\/2024\\\/11\\\/cropped-Ativa-MS-2.png\",\"width\":461,\"height\":108,\"caption\":\"cordeliers\"},\"image\":{\"@id\":\"https:\\\/\\\/cordeliers.ch\\\/#\\\/schema\\\/logo\\\/image\\\/\"}},{\"@type\":\"Person\",\"@id\":\"https:\\\/\\\/cordeliers.ch\\\/#\\\/schema\\\/person\\\/376b7a59b87a42be8cc32dd6c78aca6a\",\"name\":\"admin\",\"image\":{\"@type\":\"ImageObject\",\"inLanguage\":\"de\",\"@id\":\"https:\\\/\\\/secure.gravatar.com\\\/avatar\\\/b71ed6aeddea310261f6e46df165f24ce2f31af691ebf3f830ef4839636bf082?s=96&d=mm&r=g\",\"url\":\"https:\\\/\\\/secure.gravatar.com\\\/avatar\\\/b71ed6aeddea310261f6e46df165f24ce2f31af691ebf3f830ef4839636bf082?s=96&d=mm&r=g\",\"contentUrl\":\"https:\\\/\\\/secure.gravatar.com\\\/avatar\\\/b71ed6aeddea310261f6e46df165f24ce2f31af691ebf3f830ef4839636bf082?s=96&d=mm&r=g\",\"caption\":\"admin\"},\"sameAs\":[\"https:\\\/\\\/cordeliers.ch\"],\"url\":\"https:\\\/\\\/cordeliers.ch\\\/de\\\/author\\\/admin\\\/\"}]}<\/script>\n<!-- \/ Yoast SEO plugin. -->","yoast_head_json":{"title":"Nuit des mus\u00e9es 2026 - cordeliers","robots":{"index":"index","follow":"follow","max-snippet":"max-snippet:-1","max-image-preview":"max-image-preview:large","max-video-preview":"max-video-preview:-1"},"canonical":"https:\/\/cordeliers.ch\/de\/2026\/04\/22\/nuit-des-musees-2026\/","og_locale":"de_DE","og_type":"article","og_title":"Nuit des mus\u00e9es 2026 - cordeliers","og_description":"Apr\u00e8s une belle r\u00e9ussite de notre participation en 2025, le Couvent des Cordeliers participera \u00e0 l&rsquo;\u00e9dition 2026. Le th\u00e8me choisi pour cette \u00e9dition est \u00abPower Play\u00bb en \u00e9cho avec le Championnat du monde de Hockey sur glace qui se d\u00e9roulera dans la capitale fribourgeoise du 15 au 31 mai 2026. Au travers de cette th\u00e9matique, ... Weiterlesen ...","og_url":"https:\/\/cordeliers.ch\/de\/2026\/04\/22\/nuit-des-musees-2026\/","og_site_name":"cordeliers","article_published_time":"2026-04-22T11:11:19+00:00","article_modified_time":"2026-04-22T11:11:21+00:00","og_image":[{"width":2048,"height":2560,"url":"https:\/\/cordeliers.ch\/wp-content\/uploads\/2026\/04\/NDM_RS_Portrait_1080x1350_2026_010426-scaled.jpg","type":"image\/jpeg"}],"author":"admin","twitter_card":"summary_large_image","twitter_misc":{"Verfasst von":"admin","Gesch\u00e4tzte Lesezeit":"3\u00a0Minuten"},"schema":{"@context":"https:\/\/schema.org","@graph":[{"@type":"Article","@id":"https:\/\/cordeliers.ch\/2026\/04\/22\/nuit-des-musees-2026\/#article","isPartOf":{"@id":"https:\/\/cordeliers.ch\/2026\/04\/22\/nuit-des-musees-2026\/"},"author":{"name":"admin","@id":"https:\/\/cordeliers.ch\/#\/schema\/person\/376b7a59b87a42be8cc32dd6c78aca6a"},"headline":"Nuit des mus\u00e9es 2026","datePublished":"2026-04-22T11:11:19+00:00","dateModified":"2026-04-22T11:11:21+00:00","mainEntityOfPage":{"@id":"https:\/\/cordeliers.ch\/2026\/04\/22\/nuit-des-musees-2026\/"},"wordCount":332,"publisher":{"@id":"https:\/\/cordeliers.ch\/#organization"},"image":{"@id":"https:\/\/cordeliers.ch\/2026\/04\/22\/nuit-des-musees-2026\/#primaryimage"},"thumbnailUrl":"https:\/\/cordeliers.ch\/wp-content\/uploads\/2026\/04\/NDM_RS_Portrait_1080x1350_2026_010426-scaled.jpg","articleSection":["Blog patrimoine"],"inLanguage":"de"},{"@type":"WebPage","@id":"https:\/\/cordeliers.ch\/2026\/04\/22\/nuit-des-musees-2026\/","url":"https:\/\/cordeliers.ch\/2026\/04\/22\/nuit-des-musees-2026\/","name":"Nuit des mus\u00e9es 2026 - cordeliers","isPartOf":{"@id":"https:\/\/cordeliers.ch\/#website"},"primaryImageOfPage":{"@id":"https:\/\/cordeliers.ch\/2026\/04\/22\/nuit-des-musees-2026\/#primaryimage"},"image":{"@id":"https:\/\/cordeliers.ch\/2026\/04\/22\/nuit-des-musees-2026\/#primaryimage"},"thumbnailUrl":"https:\/\/cordeliers.ch\/wp-content\/uploads\/2026\/04\/NDM_RS_Portrait_1080x1350_2026_010426-scaled.jpg","datePublished":"2026-04-22T11:11:19+00:00","dateModified":"2026-04-22T11:11:21+00:00","breadcrumb":{"@id":"https:\/\/cordeliers.ch\/2026\/04\/22\/nuit-des-musees-2026\/#breadcrumb"},"inLanguage":"de","potentialAction":[{"@type":"ReadAction","target":["https:\/\/cordeliers.ch\/2026\/04\/22\/nuit-des-musees-2026\/"]}]},{"@type":"ImageObject","inLanguage":"de","@id":"https:\/\/cordeliers.ch\/2026\/04\/22\/nuit-des-musees-2026\/#primaryimage","url":"https:\/\/cordeliers.ch\/wp-content\/uploads\/2026\/04\/NDM_RS_Portrait_1080x1350_2026_010426-scaled.jpg","contentUrl":"https:\/\/cordeliers.ch\/wp-content\/uploads\/2026\/04\/NDM_RS_Portrait_1080x1350_2026_010426-scaled.jpg","width":2048,"height":2560},{"@type":"BreadcrumbList","@id":"https:\/\/cordeliers.ch\/2026\/04\/22\/nuit-des-musees-2026\/#breadcrumb","itemListElement":[{"@type":"ListItem","position":1,"name":"Accueil","item":"https:\/\/cordeliers.ch\/"},{"@type":"ListItem","position":2,"name":"Nuit des mus\u00e9es 2026"}]},{"@type":"WebSite","@id":"https:\/\/cordeliers.ch\/#website","url":"https:\/\/cordeliers.ch\/","name":"cordeliers","description":"","publisher":{"@id":"https:\/\/cordeliers.ch\/#organization"},"potentialAction":[{"@type":"SearchAction","target":{"@type":"EntryPoint","urlTemplate":"https:\/\/cordeliers.ch\/?s={search_term_string}"},"query-input":{"@type":"PropertyValueSpecification","valueRequired":true,"valueName":"search_term_string"}}],"inLanguage":"de"},{"@type":"Organization","@id":"https:\/\/cordeliers.ch\/#organization","name":"cordeliers","url":"https:\/\/cordeliers.ch\/","logo":{"@type":"ImageObject","inLanguage":"de","@id":"https:\/\/cordeliers.ch\/#\/schema\/logo\/image\/","url":"https:\/\/cordeliers.ch\/wp-content\/uploads\/2024\/11\/cropped-Ativa-MS-2.png","contentUrl":"https:\/\/cordeliers.ch\/wp-content\/uploads\/2024\/11\/cropped-Ativa-MS-2.png","width":461,"height":108,"caption":"cordeliers"},"image":{"@id":"https:\/\/cordeliers.ch\/#\/schema\/logo\/image\/"}},{"@type":"Person","@id":"https:\/\/cordeliers.ch\/#\/schema\/person\/376b7a59b87a42be8cc32dd6c78aca6a","name":"admin","image":{"@type":"ImageObject","inLanguage":"de","@id":"https:\/\/secure.gravatar.com\/avatar\/b71ed6aeddea310261f6e46df165f24ce2f31af691ebf3f830ef4839636bf082?s=96&d=mm&r=g","url":"https:\/\/secure.gravatar.com\/avatar\/b71ed6aeddea310261f6e46df165f24ce2f31af691ebf3f830ef4839636bf082?s=96&d=mm&r=g","contentUrl":"https:\/\/secure.gravatar.com\/avatar\/b71ed6aeddea310261f6e46df165f24ce2f31af691ebf3f830ef4839636bf082?s=96&d=mm&r=g","caption":"admin"},"sameAs":["https:\/\/cordeliers.ch"],"url":"https:\/\/cordeliers.ch\/de\/author\/admin\/"}]}},"_links":{"self":[{"href":"https:\/\/cordeliers.ch\/de\/wp-json\/wp\/v2\/posts\/24842","targetHints":{"allow":["GET"]}}],"collection":[{"href":"https:\/\/cordeliers.ch\/de\/wp-json\/wp\/v2\/posts"}],"about":[{"href":"https:\/\/cordeliers.ch\/de\/wp-json\/wp\/v2\/types\/post"}],"author":[{"embeddable":true,"href":"https:\/\/cordeliers.ch\/de\/wp-json\/wp\/v2\/users\/1"}],"replies":[{"embeddable":true,"href":"https:\/\/cordeliers.ch\/de\/wp-json\/wp\/v2\/comments?post=24842"}],"version-history":[{"count":2,"href":"https:\/\/cordeliers.ch\/de\/wp-json\/wp\/v2\/posts\/24842\/revisions"}],"predecessor-version":[{"id":24846,"href":"https:\/\/cordeliers.ch\/de\/wp-json\/wp\/v2\/posts\/24842\/revisions\/24846"}],"wp:featuredmedia":[{"embeddable":true,"href":"https:\/\/cordeliers.ch\/de\/wp-json\/wp\/v2\/media\/24844"}],"wp:attachment":[{"href":"https:\/\/cordeliers.ch\/de\/wp-json\/wp\/v2\/media?parent=24842"}],"wp:term":[{"taxonomy":"category","embeddable":true,"href":"https:\/\/cordeliers.ch\/de\/wp-json\/wp\/v2\/categories?post=24842"},{"taxonomy":"post_tag","embeddable":true,"href":"https:\/\/cordeliers.ch\/de\/wp-json\/wp\/v2\/tags?post=24842"}],"curies":[{"name":"wp","href":"https:\/\/api.w.org\/{rel}","templated":true}]}}